{"id":1392,"date":"2023-04-28T15:05:09","date_gmt":"2023-04-28T13:05:09","guid":{"rendered":"https:\/\/bernanos.org\/?p=1392"},"modified":"2023-05-23T15:10:47","modified_gmt":"2023-05-23T13:10:47","slug":"video-des-anciens-de-bernanos","status":"publish","type":"post","link":"https:\/\/bernanos.org\/index.php\/2023\/04\/28\/video-des-anciens-de-bernanos\/","title":{"rendered":"Vid\u00e9o des anciens de Bernanos"},"content":{"rendered":"\t\t<div data-elementor-type=\"wp-post\" data-elementor-id=\"1392\" class=\"elementor elementor-1392\" data-elementor-post-type=\"post\">\n\t\t\t\t\t\t<section class=\"elementor-section elementor-top-section elementor-element elementor-element-059950e elementor-section-boxed elementor-section-height-default elementor-section-height-default\" data-id=\"059950e\" data-element_type=\"section\" data-e-type=\"section\">\n\t\t\t\t\t\t<div class=\"elementor-container elementor-column-gap-default\">\n\t\t\t\t\t<div class=\"elementor-column elementor-col-100 elementor-top-column elementor-element elementor-element-9e7b98c\" data-id=\"9e7b98c\" data-element_type=\"column\" data-e-type=\"column\">\n\t\t\t<div class=\"elementor-widget-wrap elementor-element-populated\">\n\t\t\t\t\t\t<div class=\"elementor-element elementor-element-faef82c elementor-widget elementor-widget-text-editor\" data-id=\"faef82c\" data-element_type=\"widget\" data-e-type=\"widget\" data-widget_type=\"text-editor.default\">\n\t\t\t\t<div class=\"elementor-widget-container\">\n\t\t\t\t\t\t\t\t\t<p>Vous pouvez retrouver ci-dessous une vid\u00e9o r\u00e9alis\u00e9e avec les anciens jeunes de Bernanos. Elle permet de mieux comprendre qui ils sont, ce que le Centre Bernanos leur a apport\u00e9 et ce qu&rsquo;ils sont devenus.\u00a0<\/p><p>Merci beaucoup \u00e0 Samuel pour la r\u00e9alisation de la vid\u00e9o, aux jeunes pour leur participation ainsi qu&rsquo;\u00e0 toutes les personnes qui nous soutiennent.\u00a0<\/p><p>N&rsquo;h\u00e9sitez pas \u00e0 nous dire ce que vous en pensez et \u00e0 partager la vid\u00e9o !<\/p><p class=\"MsoNormal\">\u00a0<\/p>\t\t\t\t\t\t\t\t<\/div>\n\t\t\t\t<\/div>\n\t\t\t\t\t<\/div>\n\t\t<\/div>\n\t\t\t\t\t<\/div>\n\t\t<\/section>\n\t\t\t\t<section class=\"elementor-section elementor-top-section elementor-element elementor-element-fc8ce99 elementor-section-boxed elementor-section-height-default elementor-section-height-default\" data-id=\"fc8ce99\" data-element_type=\"section\" data-e-type=\"section\">\n\t\t\t\t\t\t<div class=\"elementor-container elementor-column-gap-default\">\n\t\t\t\t\t<div class=\"elementor-column elementor-col-100 elementor-top-column elementor-element elementor-element-f6f11de\" data-id=\"f6f11de\" data-element_type=\"column\" data-e-type=\"column\">\n\t\t\t<div class=\"elementor-widget-wrap elementor-element-populated\">\n\t\t\t\t\t\t<div class=\"elementor-element elementor-element-edeb69c elementor-widget elementor-widget-video\" data-id=\"edeb69c\" data-element_type=\"widget\" data-e-type=\"widget\" data-settings=\"{&quot;youtube_url&quot;:&quot;https:\\\/\\\/www.youtube.com\\\/watch?v=PZSsRu7wbYY&quot;,&quot;video_type&quot;:&quot;youtube&quot;,&quot;controls&quot;:&quot;yes&quot;}\" data-widget_type=\"video.default\">\n\t\t\t\t<div class=\"elementor-widget-container\">\n\t\t\t\t\t\t\t<div class=\"elementor-wrapper elementor-open-inline\">\n\t\t\t<div class=\"elementor-video\"><\/div>\t\t<\/div>\n\t\t\t\t\t\t<\/div>\n\t\t\t\t<\/div>\n\t\t\t\t\t<\/div>\n\t\t<\/div>\n\t\t\t\t\t<\/div>\n\t\t<\/section>\n\t\t\t\t<\/div>\n\t\t","protected":false},"excerpt":{"rendered":"<p>Vous pouvez retrouver ci-dessous une vid\u00e9o r\u00e9alis\u00e9e avec les anciens jeunes de Bernanos. Elle permet de mieux comprendre qui ils sont, ce que le Centre Bernanos leur a apport\u00e9 et ce qu&rsquo;ils sont devenus.\u00a0 Merci beaucoup \u00e0 Samuel pour la r\u00e9alisation de la vid\u00e9o, aux jeunes pour leur participation ainsi qu&rsquo;\u00e0 toutes les personnes qui &hellip;<\/p>\n<p class=\"read-more\"> <a class=\"\" href=\"https:\/\/bernanos.org\/index.php\/2023\/04\/28\/video-des-anciens-de-bernanos\/\"> <span class=\"screen-reader-text\">Vid\u00e9o des anciens de Bernanos<\/span> Lire la suite\u00a0\u00bb<\/a><\/p>\n","protected":false},"author":3,"featured_media":0,"comment_status":"open","ping_status":"open","sticky":false,"template":"","format":"standard","meta":{"site-sidebar-layout":"default","site-content-layout":"default","ast-global-header-display":"","ast-main-header-display":"","ast-hfb-above-header-display":"","ast-hfb-below-header-display":"","ast-hfb-mobile-header-display":"","site-post-title":"","ast-breadcrumbs-content":"","ast-featured-img":"","footer-sml-layout":"","theme-transparent-header-meta":"","adv-header-id-meta":"","stick-header-meta":"","header-above-stick-meta":"","header-main-stick-meta":"","header-below-stick-meta":"","footnotes":""},"categories":[1],"tags":[],"class_list":["post-1392","post","type-post","status-publish","format-standard","hentry","category-non-classe"],"_links":{"self":[{"href":"https:\/\/bernanos.org\/index.php\/wp-json\/wp\/v2\/posts\/1392","targetHints":{"allow":["GET"]}}],"collection":[{"href":"https:\/\/bernanos.org\/index.php\/wp-json\/wp\/v2\/posts"}],"about":[{"href":"https:\/\/bernanos.org\/index.php\/wp-json\/wp\/v2\/types\/post"}],"author":[{"embeddable":true,"href":"https:\/\/bernanos.org\/index.php\/wp-json\/wp\/v2\/users\/3"}],"replies":[{"embeddable":true,"href":"https:\/\/bernanos.org\/index.php\/wp-json\/wp\/v2\/comments?post=1392"}],"version-history":[{"count":4,"href":"https:\/\/bernanos.org\/index.php\/wp-json\/wp\/v2\/posts\/1392\/revisions"}],"predecessor-version":[{"id":1396,"href":"https:\/\/bernanos.org\/index.php\/wp-json\/wp\/v2\/posts\/1392\/revisions\/1396"}],"wp:attachment":[{"href":"https:\/\/bernanos.org\/index.php\/wp-json\/wp\/v2\/media?parent=1392"}],"wp:term":[{"taxonomy":"category","embeddable":true,"href":"https:\/\/bernanos.org\/index.php\/wp-json\/wp\/v2\/categories?post=1392"},{"taxonomy":"post_tag","embeddable":true,"href":"https:\/\/bernanos.org\/index.php\/wp-json\/wp\/v2\/tags?post=1392"}],"curies":[{"name":"wp","href":"https:\/\/api.w.org\/{rel}","templated":true}]}}