{"id":1365,"date":"2023-03-22T13:52:10","date_gmt":"2023-03-22T12:52:10","guid":{"rendered":"https:\/\/bernanos.org\/?p=1365"},"modified":"2023-05-16T13:58:36","modified_gmt":"2023-05-16T11:58:36","slug":"lettre-nouvelles-et-appel-a-don-2","status":"publish","type":"post","link":"https:\/\/bernanos.org\/index.php\/2023\/03\/22\/lettre-nouvelles-et-appel-a-don-2\/","title":{"rendered":"Lettre nouvelles et appel \u00e0 don"},"content":{"rendered":"\t\t<div data-elementor-type=\"wp-post\" data-elementor-id=\"1365\" class=\"elementor elementor-1365\" data-elementor-post-type=\"post\">\n\t\t\t\t\t\t<section class=\"elementor-section elementor-top-section elementor-element elementor-element-7fbded1 elementor-section-boxed elementor-section-height-default elementor-section-height-default\" data-id=\"7fbded1\" data-element_type=\"section\" data-e-type=\"section\">\n\t\t\t\t\t\t<div class=\"elementor-container elementor-column-gap-default\">\n\t\t\t\t\t<div class=\"elementor-column elementor-col-100 elementor-top-column elementor-element elementor-element-5992dfb\" data-id=\"5992dfb\" data-element_type=\"column\" data-e-type=\"column\">\n\t\t\t<div class=\"elementor-widget-wrap elementor-element-populated\">\n\t\t\t\t\t\t\t<\/div>\n\t\t<\/div>\n\t\t\t\t\t<\/div>\n\t\t<\/section>\n\t\t\t\t<section class=\"elementor-section elementor-top-section elementor-element elementor-element-362abe5 elementor-section-boxed elementor-section-height-default elementor-section-height-default\" data-id=\"362abe5\" data-element_type=\"section\" data-e-type=\"section\">\n\t\t\t\t\t\t<div class=\"elementor-container elementor-column-gap-default\">\n\t\t\t\t\t<div class=\"elementor-column elementor-col-100 elementor-top-column elementor-element elementor-element-f24b8b8\" data-id=\"f24b8b8\" data-element_type=\"column\" data-e-type=\"column\">\n\t\t\t<div class=\"elementor-widget-wrap elementor-element-populated\">\n\t\t\t\t\t\t<div class=\"elementor-element elementor-element-7f3a277 elementor-widget elementor-widget-text-editor\" data-id=\"7f3a277\" data-element_type=\"widget\" data-e-type=\"widget\" data-widget_type=\"text-editor.default\">\n\t\t\t\t<div class=\"elementor-widget-container\">\n\t\t\t\t\t\t\t\t\t<p style=\"text-align: center;\">\u2728Nouvelles et appel aux dons\u2728&nbsp;<\/p>\n<p>Chers amis et donateurs de Bernanos, Nous avons le plaisir de vous partager le v\u00e9cu des jeunes migrants que, gr\u00e2ce \u00e0 votre appui et aide, nous accueillons et accompagnons. Trouvez \u00e0 travers ces r\u00e9cits et ces images l\u2019expression de leurs remerciements et notre profonde gratitude.&nbsp;<\/p>\n<p>Notre action se poursuit et se d\u00e9veloppe non sans effort<span style=\"font-style: inherit; font-weight: inherit; font-family: var( --e-global-typography-text-font-family ), Sans-serif; background-color: var(--ast-global-color-5);\">s. Tout en poursuivant l&rsquo;accueil int\u00e9gral des jeunes migrants \u00e0 la rue dans Strasbourg (mise \u00e0 l&rsquo;abri, repas, scolarisation, formation, 1er CDI, sant\u00e9, loisirs : un accompagnement jusqu&rsquo;\u00e0 l&rsquo;insertion et l&rsquo;ind\u00e9pendance dans la soci\u00e9t\u00e9), nous terminons le chantier de mise aux normes des locaux afin d\u2019assurer la mise \u00e0 l\u2019abri des jeunes et leur s\u00e9curit\u00e9. Comme chacun de vous, nous sommes aussi confront\u00e9s au rench\u00e9rissement de nos consommations, qu\u2019il s\u2019agisse de l\u2019\u00e9nergie, du chauffage ou des produits alimentaires. Nous sommes enfin conduits \u00e0 faire appel \u00e0 un cabinet comptable pour veiller au parfait usage de vos dons et des aides publiques per\u00e7ues.&nbsp;<\/span><\/p>\n<p><span style=\"font-style: inherit; font-weight: inherit; font-family: var( --e-global-typography-text-font-family ), Sans-serif; background-color: var(--ast-global-color-5);\">Nous souhaitons pouvoir continuer de compter sur votre g\u00e9n\u00e9rosit\u00e9. Nous vous serions tout aussi reconnaissants de partager avec vos amis et votre famille la belle aventure que nous vivons en toute proximit\u00e9 et de les inviter \u00e0 vous rejoindre dans votre g\u00e9n\u00e9rosit\u00e9 envers les jeunes accueillis.&nbsp;<\/span><\/p>\n<p><span style=\"font-style: inherit; font-weight: inherit; font-family: var( --e-global-typography-text-font-family ), Sans-serif; background-color: var(--ast-global-color-5);\">Pour nous aider \u00e0 faire le n\u00e9cessaire, n\u2019h\u00e9sitez pas \u00e0 nous communiquer leurs coordonn\u00e9es par mail \u00e0 l\u2019adresse communication@bernanos.org ou en t\u00e9l\u00e9phonant directement \u00e0 No\u00e9 au 07 67 87 23 91&nbsp;<\/span><\/p>\n<p><span style=\"font-style: inherit; font-weight: inherit; font-family: var( --e-global-typography-text-font-family ), Sans-serif; background-color: var(--ast-global-color-5);\">Vous pouvez retrouver notre lettre de nouvelles et d&rsquo;appel aux dons en cliquant&nbsp;<\/span><a href=\"http:\/\/bernanos.org\/wp-content\/uploads\/2023\/05\/Lettre-nouvelles-et-appel-aux-dons.pdf\" target=\"_blank\">ici<\/a><span style=\"font-style: inherit; font-weight: inherit; font-family: var( --e-global-typography-text-font-family ), Sans-serif; background-color: var(--ast-global-color-5);\">.&nbsp;<\/span><\/p>\n<p><span style=\"font-style: inherit; font-weight: inherit; font-family: var( --e-global-typography-text-font-family ), Sans-serif; background-color: var(--ast-global-color-5);\">Pour faire un don via hello-asso : <a href=\"https:\/\/www.helloasso.com\/associations\/centre-bernanos\/formulaires\/2\">https:\/\/www.helloasso.com\/associations\/centre-bernanos\/formulaires\/2<\/a>&nbsp;<\/span><\/p>\n<p><span style=\"font-style: inherit; font-weight: inherit; font-family: var( --e-global-typography-text-font-family ), Sans-serif; background-color: var(--ast-global-color-5);\">Pour ceux qui ne sont pas adh\u00e9rents \u00e0 l\u2019association et qui souhaitent le devenir, vous pouvez trouver un bulletin d\u2019adh\u00e9sion sur ce lien : h<a href=\"https:\/\/docs.google.com\/document\/d\/1aXy9Wd5xB1NqaHB1afph9P0NoE3N-gaN\/edit\">ttps:\/\/docs.google.com\/document\/d\/1aXy9Wd5xB1NqaHB1afph9P0NoE3N-gaN\/edit<\/a>&nbsp;<\/span><\/p>\n<p><span style=\"font-style: inherit; font-weight: inherit; font-family: var( --e-global-typography-text-font-family ), Sans-serif; background-color: var(--ast-global-color-5);\">Nous rappelons que cette adh\u00e9sion n\u2019est pas associ\u00e9e au versement d\u2019une cotisation.&nbsp;<\/span><\/p>\n<p><span style=\"font-style: inherit; font-weight: inherit; font-family: var( --e-global-typography-text-font-family ), Sans-serif; background-color: var(--ast-global-color-5);\">De tout c\u0153ur,<\/span><\/p>\n<p><span style=\"font-style: inherit; font-weight: inherit; font-family: var( --e-global-typography-text-font-family ), Sans-serif; background-color: var(--ast-global-color-5);\">D<\/span><span style=\"font-style: inherit; font-weight: inherit; font-family: var( --e-global-typography-text-font-family ), Sans-serif; background-color: var(--ast-global-color-5);\">elphine Rideau, pr\u00e9sidente de l\u2019association et Thomas Wender, directeur<\/span><\/p>\t\t\t\t\t\t\t\t<\/div>\n\t\t\t\t<\/div>\n\t\t\t\t\t<\/div>\n\t\t<\/div>\n\t\t\t\t\t<\/div>\n\t\t<\/section>\n\t\t\t\t<section class=\"elementor-section elementor-top-section elementor-element elementor-element-41cec63 elementor-section-boxed elementor-section-height-default elementor-section-height-default\" data-id=\"41cec63\" data-element_type=\"section\" data-e-type=\"section\">\n\t\t\t\t\t\t<div class=\"elementor-container elementor-column-gap-default\">\n\t\t\t\t\t<div class=\"elementor-column elementor-col-100 elementor-top-column elementor-element elementor-element-1588583\" data-id=\"1588583\" data-element_type=\"column\" data-e-type=\"column\">\n\t\t\t<div class=\"elementor-widget-wrap elementor-element-populated\">\n\t\t\t\t\t\t<div class=\"elementor-element elementor-element-c386e64 elementor-widget elementor-widget-image\" data-id=\"c386e64\" data-element_type=\"widget\" data-e-type=\"widget\" data-widget_type=\"image.default\">\n\t\t\t\t<div class=\"elementor-widget-container\">\n\t\t\t\t\t\t\t\t\t\t\t\t\t\t\t<img fetchpriority=\"high\" decoding=\"async\" width=\"1024\" height=\"538\" src=\"https:\/\/bernanos.org\/wp-content\/uploads\/2023\/03\/merci-2048x1075-1-1024x538.jpg\" class=\"attachment-large size-large wp-image-1375\" alt=\"Illustration de remerciement\" srcset=\"https:\/\/bernanos.org\/wp-content\/uploads\/2023\/03\/merci-2048x1075-1-1024x538.jpg 1024w, https:\/\/bernanos.org\/wp-content\/uploads\/2023\/03\/merci-2048x1075-1-300x157.jpg 300w, https:\/\/bernanos.org\/wp-content\/uploads\/2023\/03\/merci-2048x1075-1-768x403.jpg 768w, https:\/\/bernanos.org\/wp-content\/uploads\/2023\/03\/merci-2048x1075-1-1536x806.jpg 1536w, https:\/\/bernanos.org\/wp-content\/uploads\/2023\/03\/merci-2048x1075-1.jpg 2048w\" sizes=\"(max-width: 1024px) 100vw, 1024px\" \/>\t\t\t\t\t\t\t\t\t\t\t\t\t\t\t<\/div>\n\t\t\t\t<\/div>\n\t\t\t\t\t<\/div>\n\t\t<\/div>\n\t\t\t\t\t<\/div>\n\t\t<\/section>\n\t\t\t\t<\/div>\n\t\t","protected":false},"excerpt":{"rendered":"<p>\u2728Nouvelles et appel aux dons\u2728&nbsp; Chers amis et donateurs de Bernanos, Nous avons le plaisir de vous partager le v\u00e9cu des jeunes migrants que, gr\u00e2ce \u00e0 votre appui et aide, nous accueillons et accompagnons. Trouvez \u00e0 travers ces r\u00e9cits et ces images l\u2019expression de leurs remerciements et notre profonde gratitude.&nbsp; Notre action se poursuit et &hellip;<\/p>\n<p class=\"read-more\"> <a class=\"\" href=\"https:\/\/bernanos.org\/index.php\/2023\/03\/22\/lettre-nouvelles-et-appel-a-don-2\/\"> <span class=\"screen-reader-text\">Lettre nouvelles et appel \u00e0 don<\/span> Lire la suite\u00a0\u00bb<\/a><\/p>\n","protected":false},"author":3,"featured_media":0,"comment_status":"open","ping_status":"open","sticky":false,"template":"","format":"standard","meta":{"site-sidebar-layout":"default","site-content-layout":"default","ast-global-header-display":"","ast-main-header-display":"","ast-hfb-above-header-display":"","ast-hfb-below-header-display":"","ast-hfb-mobile-header-display":"","site-post-title":"","ast-breadcrumbs-content":"","ast-featured-img":"","footer-sml-layout":"","theme-transparent-header-meta":"","adv-header-id-meta":"","stick-header-meta":"","header-above-stick-meta":"","header-main-stick-meta":"","header-below-stick-meta":"","footnotes":""},"categories":[6],"tags":[],"class_list":["post-1365","post","type-post","status-publish","format-standard","hentry","category-appel-aux-dons"],"_links":{"self":[{"href":"https:\/\/bernanos.org\/index.php\/wp-json\/wp\/v2\/posts\/1365","targetHints":{"allow":["GET"]}}],"collection":[{"href":"https:\/\/bernanos.org\/index.php\/wp-json\/wp\/v2\/posts"}],"about":[{"href":"https:\/\/bernanos.org\/index.php\/wp-json\/wp\/v2\/types\/post"}],"author":[{"embeddable":true,"href":"https:\/\/bernanos.org\/index.php\/wp-json\/wp\/v2\/users\/3"}],"replies":[{"embeddable":true,"href":"https:\/\/bernanos.org\/index.php\/wp-json\/wp\/v2\/comments?post=1365"}],"version-history":[{"count":8,"href":"https:\/\/bernanos.org\/index.php\/wp-json\/wp\/v2\/posts\/1365\/revisions"}],"predecessor-version":[{"id":1378,"href":"https:\/\/bernanos.org\/index.php\/wp-json\/wp\/v2\/posts\/1365\/revisions\/1378"}],"wp:attachment":[{"href":"https:\/\/bernanos.org\/index.php\/wp-json\/wp\/v2\/media?parent=1365"}],"wp:term":[{"taxonomy":"category","embeddable":true,"href":"https:\/\/bernanos.org\/index.php\/wp-json\/wp\/v2\/categories?post=1365"},{"taxonomy":"post_tag","embeddable":true,"href":"https:\/\/bernanos.org\/index.php\/wp-json\/wp\/v2\/tags?post=1365"}],"curies":[{"name":"wp","href":"https:\/\/api.w.org\/{rel}","templated":true}]}}