{"id":1300,"date":"2022-11-06T14:26:29","date_gmt":"2022-11-06T13:26:29","guid":{"rendered":"https:\/\/bernanos.org\/?p=1300"},"modified":"2024-07-27T20:58:59","modified_gmt":"2024-07-27T18:58:59","slug":"vacances-de-la-toussaint-2022","status":"publish","type":"post","link":"https:\/\/bernanos.org\/index.php\/2022\/11\/06\/vacances-de-la-toussaint-2022\/","title":{"rendered":"Vacances de la Toussaint 2022"},"content":{"rendered":"\t\t<div data-elementor-type=\"wp-post\" data-elementor-id=\"1300\" class=\"elementor elementor-1300\" data-elementor-post-type=\"post\">\n\t\t\t\t\t\t<section class=\"elementor-section elementor-top-section elementor-element elementor-element-80c48e1 elementor-section-boxed elementor-section-height-default elementor-section-height-default\" data-id=\"80c48e1\" data-element_type=\"section\" data-e-type=\"section\">\n\t\t\t\t\t\t<div class=\"elementor-container elementor-column-gap-default\">\n\t\t\t\t\t<div class=\"elementor-column elementor-col-100 elementor-top-column elementor-element elementor-element-c90d320\" data-id=\"c90d320\" data-element_type=\"column\" data-e-type=\"column\">\n\t\t\t<div class=\"elementor-widget-wrap elementor-element-populated\">\n\t\t\t\t\t\t<div class=\"elementor-element elementor-element-d3f86eb elementor-widget elementor-widget-text-editor\" data-id=\"d3f86eb\" data-element_type=\"widget\" data-e-type=\"widget\" data-widget_type=\"text-editor.default\">\n\t\t\t\t<div class=\"elementor-widget-container\">\n\t\t\t\t\t\t\t\t\t<div class=\"x11i5rnm xat24cr x1mh8g0r x1vvkbs xdj266r x126k92a\" style=\"margin: 0px; white-space: pre-wrap; overflow-wrap: break-word; font-family: 'Segoe UI Historic', 'Segoe UI', Helvetica, Arial, sans-serif; color: #050505;\"><p class=\"p1\">Nous avons d\u00e9but\u00e9 les vacances en faisant une initiation aux gestes de premier secours avec les jeunes. Il y avait notamment au programme l&rsquo;utilisation du d\u00e9fibrillateur, la connaissance des num\u00e9ros d\u2019urgence, l&rsquo;apprentissage du massage cardiaque.<\/p><\/div>\t\t\t\t\t\t\t\t<\/div>\n\t\t\t\t<\/div>\n\t\t\t\t\t<\/div>\n\t\t<\/div>\n\t\t\t\t\t<\/div>\n\t\t<\/section>\n\t\t\t\t<section class=\"elementor-section elementor-top-section elementor-element elementor-element-ba8c961 elementor-section-boxed elementor-section-height-default elementor-section-height-default\" data-id=\"ba8c961\" data-element_type=\"section\" data-e-type=\"section\">\n\t\t\t\t\t\t<div class=\"elementor-container elementor-column-gap-default\">\n\t\t\t\t\t<div class=\"elementor-column elementor-col-100 elementor-top-column elementor-element elementor-element-6a8fad6\" data-id=\"6a8fad6\" data-element_type=\"column\" data-e-type=\"column\">\n\t\t\t<div class=\"elementor-widget-wrap elementor-element-populated\">\n\t\t\t\t\t\t<div class=\"elementor-element elementor-element-7cb63c6 elementor-widget elementor-widget-image\" data-id=\"7cb63c6\" data-element_type=\"widget\" data-e-type=\"widget\" data-widget_type=\"image.default\">\n\t\t\t\t<div class=\"elementor-widget-container\">\n\t\t\t\t\t\t\t\t\t\t\t\t\t\t\t<img fetchpriority=\"high\" decoding=\"async\" width=\"1024\" height=\"768\" src=\"https:\/\/bernanos.org\/wp-content\/uploads\/2023\/04\/Initiation-premier-secours-modif-1024x768.jpg\" class=\"attachment-large size-large wp-image-1302\" alt=\"Jeune r\u00e9fugi\u00e9 en train de faire une position lat\u00e9rale de s\u00e9curit\u00e9\" srcset=\"https:\/\/bernanos.org\/wp-content\/uploads\/2023\/04\/Initiation-premier-secours-modif-1024x768.jpg 1024w, https:\/\/bernanos.org\/wp-content\/uploads\/2023\/04\/Initiation-premier-secours-modif-300x225.jpg 300w, https:\/\/bernanos.org\/wp-content\/uploads\/2023\/04\/Initiation-premier-secours-modif-768x576.jpg 768w, https:\/\/bernanos.org\/wp-content\/uploads\/2023\/04\/Initiation-premier-secours-modif-1536x1152.jpg 1536w, https:\/\/bernanos.org\/wp-content\/uploads\/2023\/04\/Initiation-premier-secours-modif.jpg 2048w\" sizes=\"(max-width: 1024px) 100vw, 1024px\" \/>\t\t\t\t\t\t\t\t\t\t\t\t\t\t\t<\/div>\n\t\t\t\t<\/div>\n\t\t\t\t\t<\/div>\n\t\t<\/div>\n\t\t\t\t\t<\/div>\n\t\t<\/section>\n\t\t\t\t<section class=\"elementor-section elementor-top-section elementor-element elementor-element-f57104e elementor-section-boxed elementor-section-height-default elementor-section-height-default\" data-id=\"f57104e\" data-element_type=\"section\" data-e-type=\"section\">\n\t\t\t\t\t\t<div class=\"elementor-container elementor-column-gap-default\">\n\t\t\t\t\t<div class=\"elementor-column elementor-col-100 elementor-top-column elementor-element elementor-element-fab1d3d\" data-id=\"fab1d3d\" data-element_type=\"column\" data-e-type=\"column\">\n\t\t\t<div class=\"elementor-widget-wrap elementor-element-populated\">\n\t\t\t\t\t\t<div class=\"elementor-element elementor-element-68fd57d elementor-widget elementor-widget-text-editor\" data-id=\"68fd57d\" data-element_type=\"widget\" data-e-type=\"widget\" data-widget_type=\"text-editor.default\">\n\t\t\t\t<div class=\"elementor-widget-container\">\n\t\t\t\t\t\t\t\t\t<div class=\"x11i5rnm xat24cr x1mh8g0r x1vvkbs xtlvy1s x126k92a\" style=\"margin: 0.5em 0px 0px; white-space: pre-wrap; overflow-wrap: break-word; font-family: 'Segoe UI Historic', 'Segoe UI', Helvetica, Arial, sans-serif; color: #050505; font-size: 15px; font-style: normal; font-variant-ligatures: normal; font-variant-caps: normal; font-weight: 400; letter-spacing: normal; orphans: 2; text-align: left; text-indent: 0px; text-transform: none; widows: 2; word-spacing: 0px; -webkit-text-stroke-width: 0px; background-color: #ffffff; text-decoration-thickness: initial; text-decoration-style: initial; text-decoration-color: initial;\"><span style=\"font-family: inherit;\">La deuxi\u00e8me semaine, nous sommes all\u00e9s au cin\u00e9ma puis au Mont Sainte-Odile. Les jeunes ont pu d\u00e9couvrir ce lieu magnifique, profiter de la belle vue sur la plaine d\u2019Alsace et se balader.<\/span><\/div><div class=\"x11i5rnm xat24cr x1mh8g0r x1vvkbs xtlvy1s x126k92a\" style=\"margin: 0.5em 0px 0px; white-space: pre-wrap; overflow-wrap: break-word; font-family: 'Segoe UI Historic', 'Segoe UI', Helvetica, Arial, sans-serif; color: #050505; font-size: 15px; font-style: normal; font-variant-ligatures: normal; font-variant-caps: normal; font-weight: 400; letter-spacing: normal; orphans: 2; text-align: left; text-indent: 0px; text-transform: none; widows: 2; word-spacing: 0px; -webkit-text-stroke-width: 0px; background-color: #ffffff; text-decoration-thickness: initial; text-decoration-style: initial; text-decoration-color: initial;\">\u00a0<\/div>\t\t\t\t\t\t\t\t<\/div>\n\t\t\t\t<\/div>\n\t\t\t\t\t<\/div>\n\t\t<\/div>\n\t\t\t\t\t<\/div>\n\t\t<\/section>\n\t\t\t\t<section class=\"elementor-section elementor-top-section elementor-element elementor-element-cabdb7d elementor-section-boxed elementor-section-height-default elementor-section-height-default\" data-id=\"cabdb7d\" data-element_type=\"section\" data-e-type=\"section\">\n\t\t\t\t\t\t<div class=\"elementor-container elementor-column-gap-default\">\n\t\t\t\t\t<div class=\"elementor-column elementor-col-100 elementor-top-column elementor-element elementor-element-5a799db\" data-id=\"5a799db\" data-element_type=\"column\" data-e-type=\"column\">\n\t\t\t<div class=\"elementor-widget-wrap elementor-element-populated\">\n\t\t\t\t\t\t<div class=\"elementor-element elementor-element-ae44960 elementor-widget elementor-widget-image\" data-id=\"ae44960\" data-element_type=\"widget\" data-e-type=\"widget\" data-widget_type=\"image.default\">\n\t\t\t\t<div class=\"elementor-widget-container\">\n\t\t\t\t\t\t\t\t\t\t\t\t\t\t\t<img decoding=\"async\" width=\"1024\" height=\"683\" src=\"https:\/\/bernanos.org\/wp-content\/uploads\/2023\/04\/DSC_0682-1024x683.jpg\" class=\"attachment-large size-large wp-image-1303\" alt=\"Photo des jeunes au Mont Sainte-Odile\" srcset=\"https:\/\/bernanos.org\/wp-content\/uploads\/2023\/04\/DSC_0682-1024x683.jpg 1024w, https:\/\/bernanos.org\/wp-content\/uploads\/2023\/04\/DSC_0682-300x200.jpg 300w, https:\/\/bernanos.org\/wp-content\/uploads\/2023\/04\/DSC_0682-768x512.jpg 768w, https:\/\/bernanos.org\/wp-content\/uploads\/2023\/04\/DSC_0682-1536x1024.jpg 1536w, https:\/\/bernanos.org\/wp-content\/uploads\/2023\/04\/DSC_0682-2048x1365.jpg 2048w\" sizes=\"(max-width: 1024px) 100vw, 1024px\" \/>\t\t\t\t\t\t\t\t\t\t\t\t\t\t\t<\/div>\n\t\t\t\t<\/div>\n\t\t\t\t\t<\/div>\n\t\t<\/div>\n\t\t\t\t\t<\/div>\n\t\t<\/section>\n\t\t\t\t<section class=\"elementor-section elementor-top-section elementor-element elementor-element-748432c elementor-section-boxed elementor-section-height-default elementor-section-height-default\" data-id=\"748432c\" data-element_type=\"section\" data-e-type=\"section\">\n\t\t\t\t\t\t<div class=\"elementor-container elementor-column-gap-default\">\n\t\t\t\t\t<div class=\"elementor-column elementor-col-100 elementor-top-column elementor-element elementor-element-4ffb567\" data-id=\"4ffb567\" data-element_type=\"column\" data-e-type=\"column\">\n\t\t\t<div class=\"elementor-widget-wrap elementor-element-populated\">\n\t\t\t\t\t\t<div class=\"elementor-element elementor-element-2d624cd elementor-widget elementor-widget-image\" data-id=\"2d624cd\" data-element_type=\"widget\" data-e-type=\"widget\" data-widget_type=\"image.default\">\n\t\t\t\t<div class=\"elementor-widget-container\">\n\t\t\t\t\t\t\t\t\t\t\t\t\t\t\t<img decoding=\"async\" width=\"1024\" height=\"806\" src=\"https:\/\/bernanos.org\/wp-content\/uploads\/2023\/04\/Photo-Jeancy-et-Gaye-1024x806.jpg\" class=\"attachment-large size-large wp-image-1305\" alt=\"Jeancy et Gaye avec en fond la plaine d&#039;Alsace\" srcset=\"https:\/\/bernanos.org\/wp-content\/uploads\/2023\/04\/Photo-Jeancy-et-Gaye-1024x806.jpg 1024w, https:\/\/bernanos.org\/wp-content\/uploads\/2023\/04\/Photo-Jeancy-et-Gaye-300x236.jpg 300w, https:\/\/bernanos.org\/wp-content\/uploads\/2023\/04\/Photo-Jeancy-et-Gaye-768x605.jpg 768w, https:\/\/bernanos.org\/wp-content\/uploads\/2023\/04\/Photo-Jeancy-et-Gaye-1536x1209.jpg 1536w, https:\/\/bernanos.org\/wp-content\/uploads\/2023\/04\/Photo-Jeancy-et-Gaye-2048x1612.jpg 2048w\" sizes=\"(max-width: 1024px) 100vw, 1024px\" \/>\t\t\t\t\t\t\t\t\t\t\t\t\t\t\t<\/div>\n\t\t\t\t<\/div>\n\t\t\t\t\t<\/div>\n\t\t<\/div>\n\t\t\t\t\t<\/div>\n\t\t<\/section>\n\t\t\t\t<section class=\"elementor-section elementor-top-section elementor-element elementor-element-f3bfee4 elementor-section-boxed elementor-section-height-default elementor-section-height-default\" data-id=\"f3bfee4\" data-element_type=\"section\" data-e-type=\"section\">\n\t\t\t\t\t\t<div class=\"elementor-container elementor-column-gap-default\">\n\t\t\t\t\t<div class=\"elementor-column elementor-col-100 elementor-top-column elementor-element elementor-element-251a191\" data-id=\"251a191\" data-element_type=\"column\" data-e-type=\"column\">\n\t\t\t<div class=\"elementor-widget-wrap\">\n\t\t\t\t\t\t\t<\/div>\n\t\t<\/div>\n\t\t\t\t\t<\/div>\n\t\t<\/section>\n\t\t\t\t<\/div>\n\t\t","protected":false},"excerpt":{"rendered":"<p>Nous avons d\u00e9but\u00e9 les vacances en faisant une initiation aux gestes de premier secours avec les jeunes. Il y avait notamment au programme l&rsquo;utilisation du d\u00e9fibrillateur, la connaissance des num\u00e9ros d\u2019urgence, l&rsquo;apprentissage du massage cardiaque. La deuxi\u00e8me semaine, nous sommes all\u00e9s au cin\u00e9ma puis au Mont Sainte-Odile. Les jeunes ont pu d\u00e9couvrir ce lieu magnifique, &hellip;<\/p>\n<p class=\"read-more\"> <a class=\"\" href=\"https:\/\/bernanos.org\/index.php\/2022\/11\/06\/vacances-de-la-toussaint-2022\/\"> <span class=\"screen-reader-text\">Vacances de la Toussaint 2022<\/span> Lire la suite\u00a0\u00bb<\/a><\/p>\n","protected":false},"author":3,"featured_media":0,"comment_status":"open","ping_status":"open","sticky":false,"template":"","format":"standard","meta":{"site-sidebar-layout":"default","site-content-layout":"default","ast-global-header-display":"","ast-main-header-display":"","ast-hfb-above-header-display":"","ast-hfb-below-header-display":"","ast-hfb-mobile-header-display":"","site-post-title":"","ast-breadcrumbs-content":"","ast-featured-img":"","footer-sml-layout":"","theme-transparent-header-meta":"","adv-header-id-meta":"","stick-header-meta":"","header-above-stick-meta":"","header-main-stick-meta":"","header-below-stick-meta":"","footnotes":""},"categories":[7],"tags":[],"class_list":["post-1300","post","type-post","status-publish","format-standard","hentry","category-vacances-des-jeunes-de-bernanos"],"_links":{"self":[{"href":"https:\/\/bernanos.org\/index.php\/wp-json\/wp\/v2\/posts\/1300","targetHints":{"allow":["GET"]}}],"collection":[{"href":"https:\/\/bernanos.org\/index.php\/wp-json\/wp\/v2\/posts"}],"about":[{"href":"https:\/\/bernanos.org\/index.php\/wp-json\/wp\/v2\/types\/post"}],"author":[{"embeddable":true,"href":"https:\/\/bernanos.org\/index.php\/wp-json\/wp\/v2\/users\/3"}],"replies":[{"embeddable":true,"href":"https:\/\/bernanos.org\/index.php\/wp-json\/wp\/v2\/comments?post=1300"}],"version-history":[{"count":8,"href":"https:\/\/bernanos.org\/index.php\/wp-json\/wp\/v2\/posts\/1300\/revisions"}],"predecessor-version":[{"id":2868,"href":"https:\/\/bernanos.org\/index.php\/wp-json\/wp\/v2\/posts\/1300\/revisions\/2868"}],"wp:attachment":[{"href":"https:\/\/bernanos.org\/index.php\/wp-json\/wp\/v2\/media?parent=1300"}],"wp:term":[{"taxonomy":"category","embeddable":true,"href":"https:\/\/bernanos.org\/index.php\/wp-json\/wp\/v2\/categories?post=1300"},{"taxonomy":"post_tag","embeddable":true,"href":"https:\/\/bernanos.org\/index.php\/wp-json\/wp\/v2\/tags?post=1300"}],"curies":[{"name":"wp","href":"https:\/\/api.w.org\/{rel}","templated":true}]}}