{"id":1136,"date":"2022-10-31T08:54:59","date_gmt":"2022-10-31T07:54:59","guid":{"rendered":"https:\/\/bernanos.org\/?p=1136"},"modified":"2022-10-31T08:58:16","modified_gmt":"2022-10-31T07:58:16","slug":"lettre-nouvelles-et-appel-a-don","status":"publish","type":"post","link":"https:\/\/bernanos.org\/index.php\/2022\/10\/31\/lettre-nouvelles-et-appel-a-don\/","title":{"rendered":"Lettre nouvelles et appel \u00e0 don"},"content":{"rendered":"\t\t<div data-elementor-type=\"wp-post\" data-elementor-id=\"1136\" class=\"elementor elementor-1136\" data-elementor-post-type=\"post\">\n\t\t\t\t\t\t<section class=\"elementor-section elementor-top-section elementor-element elementor-element-88d4851 elementor-section-boxed elementor-section-height-default elementor-section-height-default\" data-id=\"88d4851\" data-element_type=\"section\" data-e-type=\"section\">\n\t\t\t\t\t\t<div class=\"elementor-container elementor-column-gap-default\">\n\t\t\t\t\t<div class=\"elementor-column elementor-col-100 elementor-top-column elementor-element elementor-element-ce5fbe2\" data-id=\"ce5fbe2\" data-element_type=\"column\" data-e-type=\"column\">\n\t\t\t<div class=\"elementor-widget-wrap elementor-element-populated\">\n\t\t\t\t\t\t<div class=\"elementor-element elementor-element-eb2fa45 elementor-widget elementor-widget-text-editor\" data-id=\"eb2fa45\" data-element_type=\"widget\" data-e-type=\"widget\" data-widget_type=\"text-editor.default\">\n\t\t\t\t<div class=\"elementor-widget-container\">\n\t\t\t\t\t\t\t\t\t<p>\u00ad Bonjour \u00e0 toutes et \u00e0 tous,&nbsp;<\/p>\n<p>Nous esp\u00e9rons que vous allez bien et sommes heureux de vous rejoindre ainsi par cette lettre.&nbsp;<\/p>\n<p>Vous trouverez en ci-dessous une lettre de nouvelles de l&rsquo;accueil des jeunes r\u00e9fugi\u00e9s au Centre Bernanos (avec quelques photos).&nbsp;<\/p>\n<p>Le financement de l&rsquo;accueil reste toujours une question difficile, encore plus cette ann\u00e9e, en raison de la crise \u00e9nerg\u00e9tique qui nous touche tous.&nbsp;<\/p>\n<p>Avec reconnaissance,&nbsp; &nbsp; &nbsp; &nbsp; &nbsp; &nbsp; &nbsp; &nbsp; &nbsp; &nbsp; &nbsp; &nbsp; &nbsp; &nbsp; &nbsp; &nbsp; &nbsp; &nbsp; &nbsp; &nbsp; &nbsp; &nbsp; &nbsp; &nbsp; &nbsp; &nbsp; &nbsp; &nbsp; &nbsp; &nbsp; &nbsp; &nbsp; &nbsp; &nbsp; &nbsp; &nbsp; &nbsp; &nbsp; &nbsp; &nbsp; &nbsp; &nbsp; &nbsp; &nbsp; &nbsp; &nbsp; &nbsp; &nbsp; &nbsp; &nbsp; &nbsp; &nbsp; &nbsp; &nbsp;<span style=\"background-color: var(--ast-global-color-5); font-family: var( --e-global-typography-text-font-family ), Sans-serif; font-style: inherit; font-weight: inherit;\">L&rsquo;\u00e9quipe d&rsquo;accueil des jeunes migrants de Bernanos \u00ad<\/span><\/p>\n<p><a href=\"http:\/\/bernanos.org\/wp-content\/uploads\/2022\/10\/Lettre-nouvelles-et-appel-a-don.pdf\"><span style=\"background-color: var(--ast-global-color-5); font-family: var( --e-global-typography-text-font-family ), Sans-serif; font-style: inherit; font-weight: inherit;\">Lettre nouvelles et appel \u00e0 don<\/span><\/a><\/p>\t\t\t\t\t\t\t\t<\/div>\n\t\t\t\t<\/div>\n\t\t\t\t\t<\/div>\n\t\t<\/div>\n\t\t\t\t\t<\/div>\n\t\t<\/section>\n\t\t\t\t<\/div>\n\t\t","protected":false},"excerpt":{"rendered":"<p>\u00ad Bonjour \u00e0 toutes et \u00e0 tous,&nbsp; Nous esp\u00e9rons que vous allez bien et sommes heureux de vous rejoindre ainsi par cette lettre.&nbsp; Vous trouverez en ci-dessous une lettre de nouvelles de l&rsquo;accueil des jeunes r\u00e9fugi\u00e9s au Centre Bernanos (avec quelques photos).&nbsp; Le financement de l&rsquo;accueil reste toujours une question difficile, encore plus cette ann\u00e9e, &hellip;<\/p>\n<p class=\"read-more\"> <a class=\"\" href=\"https:\/\/bernanos.org\/index.php\/2022\/10\/31\/lettre-nouvelles-et-appel-a-don\/\"> <span class=\"screen-reader-text\">Lettre nouvelles et appel \u00e0 don<\/span> Lire la suite\u00a0\u00bb<\/a><\/p>\n","protected":false},"author":3,"featured_media":0,"comment_status":"open","ping_status":"open","sticky":false,"template":"","format":"standard","meta":{"site-sidebar-layout":"default","site-content-layout":"default","ast-global-header-display":"","ast-main-header-display":"","ast-hfb-above-header-display":"","ast-hfb-below-header-display":"","ast-hfb-mobile-header-display":"","site-post-title":"","ast-breadcrumbs-content":"","ast-featured-img":"","footer-sml-layout":"","theme-transparent-header-meta":"","adv-header-id-meta":"","stick-header-meta":"","header-above-stick-meta":"","header-main-stick-meta":"","header-below-stick-meta":"","footnotes":""},"categories":[6],"tags":[],"class_list":["post-1136","post","type-post","status-publish","format-standard","hentry","category-appel-aux-dons"],"_links":{"self":[{"href":"https:\/\/bernanos.org\/index.php\/wp-json\/wp\/v2\/posts\/1136","targetHints":{"allow":["GET"]}}],"collection":[{"href":"https:\/\/bernanos.org\/index.php\/wp-json\/wp\/v2\/posts"}],"about":[{"href":"https:\/\/bernanos.org\/index.php\/wp-json\/wp\/v2\/types\/post"}],"author":[{"embeddable":true,"href":"https:\/\/bernanos.org\/index.php\/wp-json\/wp\/v2\/users\/3"}],"replies":[{"embeddable":true,"href":"https:\/\/bernanos.org\/index.php\/wp-json\/wp\/v2\/comments?post=1136"}],"version-history":[{"count":8,"href":"https:\/\/bernanos.org\/index.php\/wp-json\/wp\/v2\/posts\/1136\/revisions"}],"predecessor-version":[{"id":1145,"href":"https:\/\/bernanos.org\/index.php\/wp-json\/wp\/v2\/posts\/1136\/revisions\/1145"}],"wp:attachment":[{"href":"https:\/\/bernanos.org\/index.php\/wp-json\/wp\/v2\/media?parent=1136"}],"wp:term":[{"taxonomy":"category","embeddable":true,"href":"https:\/\/bernanos.org\/index.php\/wp-json\/wp\/v2\/categories?post=1136"},{"taxonomy":"post_tag","embeddable":true,"href":"https:\/\/bernanos.org\/index.php\/wp-json\/wp\/v2\/tags?post=1136"}],"curies":[{"name":"wp","href":"https:\/\/api.w.org\/{rel}","templated":true}]}}